{"id":2599,"date":"2026-01-19T10:25:08","date_gmt":"2026-01-19T09:25:08","guid":{"rendered":"https:\/\/vcd-augsburg.de\/?p=2599"},"modified":"2026-01-19T10:25:08","modified_gmt":"2026-01-19T09:25:08","slug":"gymnasium-koenigsbrunn-gewinnt-bei-vcd-jugendkampagne-fahrrad-2","status":"publish","type":"post","link":"https:\/\/vcd-augsburg.de\/?p=2599","title":{"rendered":"Gymnasium K\u00f6nigsbrunn gewinnt bei VCD Jugendkampagne \u00bbFahrRad!\u00ab"},"content":{"rendered":"<h4>Gymnasium K\u00f6nigsbrunn gewinnt bei VCD Jugendkampagne \u00bbFahrRad!\u00ab<\/h4>\n<p><strong>Wie auch im letzten Jahr haben bundesweit tausende Jugendliche am Projekt \u201eFahrRad! F\u00fcrs Klima auf Tour\u201c des \u00f6kologischen Verkehrsclubs VCD und der AKTIONfahrRAD teilgenommen und dabei rund 730.000 Kilometer auf dem Fahrrad zur\u00fcckgelegt und \u00fcber 100 Tonnen CO<sub>2<\/sub> eingespart. Auch die Sch\u00fcler*innen vom Gymnasium K\u00f6nigsbrunn z\u00e4hlen zu den Gewinner*innen des Wettbewerbs. <\/strong><\/p>\n<p><img loading=\"lazy\" decoding=\"async\" class=\"alignleft wp-image-2601\" src=\"https:\/\/vcd-augsburg.de\/wp-content\/uploads\/2026\/01\/Klimatour-Klasse-5d-1024x538.jpg\" alt=\"\" width=\"700\" height=\"368\" srcset=\"https:\/\/vcd-augsburg.de\/wp-content\/uploads\/2026\/01\/Klimatour-Klasse-5d-1024x538.jpg 1024w, https:\/\/vcd-augsburg.de\/wp-content\/uploads\/2026\/01\/Klimatour-Klasse-5d-300x158.jpg 300w, https:\/\/vcd-augsburg.de\/wp-content\/uploads\/2026\/01\/Klimatour-Klasse-5d-768x403.jpg 768w, https:\/\/vcd-augsburg.de\/wp-content\/uploads\/2026\/01\/Klimatour-Klasse-5d-640x336.jpg 640w, https:\/\/vcd-augsburg.de\/wp-content\/uploads\/2026\/01\/Klimatour-Klasse-5d.jpg 1200w\" sizes=\"auto, (max-width: 700px) 100vw, 700px\" \/>F\u00fcr das Klima, die eigene Gesundheit und den Spa\u00df an der Bewegung schwangen sich von M\u00e4rz bis Ende August auch Sch\u00fcler*innen vom Gymnasium K\u00f6nigsbrunn auf ihren Alltagswegen auf das Rad und verzichteten auf das Elterntaxi. Aufgerufen zur Jugendkampagne \u201eFahrRad! F\u00fcrs Klima auf Tour\u201c hatten der \u00f6kologische Verkehrsclub VCD und die AKTIONfahrRAD (AfR). Das Ziel: Heranwachsende f\u00fcr selbstbestimmte, gesunde und umweltfreundliche Mobilit\u00e4t begeistern. Rund 730.000 Million Kilometer wurden im Rahmen der Aktion bundesweit mit dem Rad zur\u00fcckgelegt. <strong>Besonders kr\u00e4ftig haben die Klassen 5d und 5h vom Gymnasium K\u00f6nigsbrunn in die Pedale getreten \u2013 und geh\u00f6ren dank ihres Engagements zu den diesj\u00e4hrigen Preistr\u00e4ger*innen der Jugendkampagne \u201eFahrRad!\u201c.<\/strong><\/p>\n<p>Engagierte Lehrkr\u00e4fte begleiten die Jugendlichen bei dem Projekt. Frau Lickfett, Lehrerin am Gymnasium K\u00f6nigsbrunn: \u201eMit der Teilnahme an \u00bbFahrRad!\u00ab wollte ich meine Sch\u00fcler und Sch\u00fclerinnen dazu motivieren, ihre Mobilit\u00e4t selbst in die Hand zu nehmen und ihnen aufzeigen, wie sie das Fahrrad problemlos in den Alltag integrieren k\u00f6nnen. Das Ergebnis sind aktivere Jugendliche und ein langfristiger Imagegewinn f\u00fcr das umweltvertr\u00e4gliche Fahrrad. Dazu geh\u00f6rt auch die Erkenntnis, dass man mit dem Rad einen Beitrag f\u00fcr den Klimaschutz leistet.\u201c<\/p>\n<p>\u201eJugendliche, die mit dem Fahrrad zur Schule fahren, tun aktiv etwas f\u00fcr den Klimaschutz. Anstatt mit dem Elterntaxi L\u00e4rm zu verursachen, CO2 oder Stickoxide auszusto\u00dfen, lernen sie, klimafreundlich mobil zu sein. Wer schon in jungen Jahren mit dem Fahrrad unterwegs ist, nutzt es auch sp\u00e4ter h\u00e4ufiger auf seinen Alltagswegen. Damit ist langfristig viel gewonnen \u2013 f\u00fcr das Klima, die eigene Gesundheit und lebenswerte St\u00e4dte mit weniger L\u00e4rm, weniger Stress und besserer Luft.\u201c erkl\u00e4rt Christian Ohlenroth vom VCD Augsburg.<\/p>\n<p>Die\u00a0Preisverleihung\u00a0fand am\u00a013. Januar 2026 im Gymnasium K\u00f6nigsbrunn statt, bei der J\u00f6rg Schiffler vom VCD Augsburg die Preise \u00fcberreichte.<\/p>\n<p><strong>Mehr zur Kampagne \u201eFahrRad! F\u00fcrs Klima auf Tour\u201c:<\/strong><\/p>\n<p>Kinder und Jugendliche im Alter von zehn bis 18 Jahren k\u00f6nnen sich mit ihren Schulklassen, Jugendgruppen oder Familien von M\u00e4rz bis Ende August unter <a href=\"https:\/\/link.mediaoutreach.meltwater.com\/ls\/click?upn=u001.shaiF3-2Bb90N6gRRgKFVZ6Awp7frLOJjk6GJX4nzrKUYah265k9hblM4EpJf3xb4EGwUM_vMRiITmXO-2FF-2Bqy39MQdhjcYc-2F-2FY7bP1jrlmf2LXn2NWd6KwfdxhulIqoslxFPhF6WJR7-2BnFhxPYzUA3afADmkRx43EM5VpnvzohVJoISN-2F9MuU58gWeFCTtyYAp-2F7aR5Ha5eovxpIusuU0S4BmCxN5cDC-2BcYLIN1ybq6fWVWNcViGCLticH40m-2FVCgY5iPCA4eh6YX07hRgH7-2FGFbz5mldNg2TMQGxpmxh6Ue-2BS6pdmMAX-2FbsSuw2EmpruJyNRl53Y10qxy8lyASoLn-2FuLUTgkycEJ5ciiTFghtH5fbuZCDDOrszXAZJsgtsZ1sF880iI3QT1snEFHpNC1NuhFQTxqypd3P2H2sezrVV2uwJGyk85Ad7XyDrNWpMlM8KtR06\">klima-tour.de<\/a> anmelden. Jeder geradelte Kilometer kann auf dem Online-Portal eingetragen werden. Neu ist seit letztem Jahr die App Biketour.Guide, die das Kilometer z\u00e4hlen und eintragen \u00fcbernimmt. Mit jedem geradelten Kilometer kommen die Teilnehmenden auf einer virtuellen Tour durch Deutschland und Europa voran. An 18 Stationen auf der Online-Tour werden Fahrrad- und Klimathemen jugendgerecht pr\u00e4sentiert. Au\u00dferdem gibt es Mitmachaktionen und Quizfragen. F\u00fcr die Kombination aus richtigen Antworten und gesammelten Fahrradkilometern k\u00f6nnen als Hauptgewinn bis zu 500 Euro f\u00fcr die Gruppenkasse, eine Fahrradabstellanlage und weiteres Equipment f\u00fcr kommende Radausfl\u00fcge gewonnen werden. Lehrkr\u00e4fte und Jugendgruppenleiter finden auf der Webseite Unterrichtsmaterialien und Aktionsideen aus den Bereichen Fahrrad, Klimaschutz und Mobilit\u00e4tsbildung. Das Jugendprojekt \u201eFahrRad!\u201c ist eine Kooperation mit der \u00bbAKTIONfahrRAD\u00ab (<a href=\"https:\/\/link.mediaoutreach.meltwater.com\/ls\/click?upn=u001.shaiF3-2Bb90N6gRRgKFVZ6IyNZn90DUBe88XvwTLDHq9S9guuCeVBjjUdB1DvEB8v0ePS_vMRiITmXO-2FF-2Bqy39MQdhjcYc-2F-2FY7bP1jrlmf2LXn2NWd6KwfdxhulIqoslxFPhF6WJR7-2BnFhxPYzUA3afADmkRx43EM5VpnvzohVJoISN-2F9MuU58gWeFCTtyYAp-2F7aR5Ha5eovxpIusuU0S4BmCxN5cDC-2BcYLIN1ybq6fWVWNcViGCLticH40m-2FVCgY5iPCA4eh6YX07hRgH7-2FGFbz5mldNg2TMQGxpmxh6Ue-2BS6pdnLJDXg54Y05dZyfqbqas-2BMERN4H-2FE-2Fr679WGvykOu3ow9fhHET9W7deRXUPuLw2t4Lc8xmCfiucZ-2BX2ZkMCDy9Q-2B3ndPUbDrWcSd490Ne-2F8DZGxYcye-2BG9xhdDYYrolBfT1wlFmCDeDAnAgQxRCQZe\"><strong>https:\/\/www.aktionfahrrad.de\/<\/strong><\/a>).<\/p>\n<div class=\"shariff shariff-align-left shariff-widget-align-left\" data-services=\"facebook\" data-url=\"https:\/\/vcd-augsburg.de\/?p=2599\" data-timestamp=\"1768818308\" data-backendurl=\"?rest_route=\/shariff\/v1\/share_counts&\"><ul class=\"shariff-buttons theme-default orientation-horizontal buttonsize-medium\"><li class=\"shariff-button facebook shariff-nocustomcolor\" style=\"background-color:#4273c8\"><a href=\"https:\/\/www.facebook.com\/sharer\/sharer.php?u=https%3A%2F%2Fvcd-augsburg.de%2F%3Fp%3D2599\" title=\"Bei Facebook teilen\" aria-label=\"Bei Facebook teilen\" role=\"button\" rel=\"nofollow\" class=\"shariff-link\" style=\"; background-color:#3b5998; color:#fff\" target=\"_blank\"><span class=\"shariff-icon\" style=\"\"><svg width=\"32px\" height=\"20px\" xmlns=\"http:\/\/www.w3.org\/2000\/svg\" viewBox=\"0 0 18 32\"><path fill=\"#3b5998\" d=\"M17.1 0.2v4.7h-2.8q-1.5 0-2.1 0.6t-0.5 1.9v3.4h5.2l-0.7 5.3h-4.5v13.6h-5.5v-13.6h-4.5v-5.3h4.5v-3.9q0-3.3 1.9-5.2t5-1.8q2.6 0 4.1 0.2z\"\/><\/svg><\/span><span class=\"shariff-text\">teilen<\/span>&nbsp;<\/a><\/li><li class=\"shariff-button mailto shariff-nocustomcolor\" style=\"background-color:#a8a8a8\"><a href=\"mailto:?body=https%3A%2F%2Fvcd-augsburg.de%2F%3Fp%3D2599&subject=Gymnasium%20K%C3%B6nigsbrunn%20gewinnt%20bei%20VCD%20Jugendkampagne%20%C2%BBFahrRad%21%C2%AB\" title=\"Per E-Mail versenden\" aria-label=\"Per E-Mail versenden\" role=\"button\" rel=\"noopener nofollow\" class=\"shariff-link\" style=\"; background-color:#999; color:#fff\"><span class=\"shariff-icon\" style=\"\"><svg width=\"32px\" height=\"20px\" xmlns=\"http:\/\/www.w3.org\/2000\/svg\" viewBox=\"0 0 32 32\"><path fill=\"#999\" d=\"M32 12.7v14.2q0 1.2-0.8 2t-2 0.9h-26.3q-1.2 0-2-0.9t-0.8-2v-14.2q0.8 0.9 1.8 1.6 6.5 4.4 8.9 6.1 1 0.8 1.6 1.2t1.7 0.9 2 0.4h0.1q0.9 0 2-0.4t1.7-0.9 1.6-1.2q3-2.2 8.9-6.1 1-0.7 1.8-1.6zM32 7.4q0 1.4-0.9 2.7t-2.2 2.2q-6.7 4.7-8.4 5.8-0.2 0.1-0.7 0.5t-1 0.7-0.9 0.6-1.1 0.5-0.9 0.2h-0.1q-0.4 0-0.9-0.2t-1.1-0.5-0.9-0.6-1-0.7-0.7-0.5q-1.6-1.1-4.7-3.2t-3.6-2.6q-1.1-0.7-2.1-2t-1-2.5q0-1.4 0.7-2.3t2.1-0.9h26.3q1.2 0 2 0.8t0.9 2z\"\/><\/svg><\/span><span class=\"shariff-text\">E-Mail<\/span>&nbsp;<\/a><\/li><li class=\"shariff-button printer shariff-nocustomcolor\" style=\"background-color:#a8a8a8\"><a href=\"javascript:window.print()\" title=\"drucken\" aria-label=\"drucken\" role=\"button\" rel=\"noopener nofollow\" class=\"shariff-link\" style=\"; background-color:#999; color:#fff\"><span class=\"shariff-icon\" style=\"\"><svg width=\"32px\" height=\"20px\" xmlns=\"http:\/\/www.w3.org\/2000\/svg\" viewBox=\"0 0 30 32\"><path fill=\"#999\" d=\"M6.8 27.4h16v-4.6h-16v4.6zM6.8 16h16v-6.8h-2.8q-0.7 0-1.2-0.5t-0.5-1.2v-2.8h-11.4v11.4zM27.4 17.2q0-0.5-0.3-0.8t-0.8-0.4-0.8 0.4-0.3 0.8 0.3 0.8 0.8 0.3 0.8-0.3 0.3-0.8zM29.7 17.2v7.4q0 0.2-0.2 0.4t-0.4 0.2h-4v2.8q0 0.7-0.5 1.2t-1.2 0.5h-17.2q-0.7 0-1.2-0.5t-0.5-1.2v-2.8h-4q-0.2 0-0.4-0.2t-0.2-0.4v-7.4q0-1.4 1-2.4t2.4-1h1.2v-9.7q0-0.7 0.5-1.2t1.2-0.5h12q0.7 0 1.6 0.4t1.3 0.8l2.7 2.7q0.5 0.5 0.9 1.4t0.4 1.6v4.6h1.1q1.4 0 2.4 1t1 2.4z\"\/><\/svg><\/span><span class=\"shariff-text\">drucken<\/span>&nbsp;<\/a><\/li><li class=\"shariff-button rss shariff-nocustomcolor\" style=\"background-color:#ff8c00\"><a href=\"https:\/\/vcd-augsburg.de\/?feed=rss\" title=\"RSS-feed\" aria-label=\"RSS-feed\" role=\"button\" class=\"shariff-link\" style=\"; background-color:#fe9312; color:#fff\" target=\"_blank\"><span class=\"shariff-icon\" style=\"\"><svg width=\"32px\" height=\"20px\" xmlns=\"http:\/\/www.w3.org\/2000\/svg\" viewBox=\"0 0 32 32\"><path fill=\"#fe9312\" d=\"M4.3 23.5c-2.3 0-4.3 1.9-4.3 4.3 0 2.3 1.9 4.2 4.3 4.2 2.4 0 4.3-1.9 4.3-4.2 0-2.3-1.9-4.3-4.3-4.3zM0 10.9v6.1c4 0 7.7 1.6 10.6 4.4 2.8 2.8 4.4 6.6 4.4 10.6h6.2c0-11.7-9.5-21.1-21.1-21.1zM0 0v6.1c14.2 0 25.8 11.6 25.8 25.9h6.2c0-17.6-14.4-32-32-32z\"\/><\/svg><\/span><span class=\"shariff-text\">RSS-feed<\/span>&nbsp;<\/a><\/li><\/ul><\/div>","protected":false},"excerpt":{"rendered":"<p>Gymnasium K\u00f6nigsbrunn gewinnt bei VCD Jugendkampagne \u00bbFahrRad!\u00ab Wie auch im letzten Jahr haben bundesweit tausende Jugendliche am Projekt \u201eFahrRad! F\u00fcrs Klima auf Tour\u201c des \u00f6kologischen Verkehrsclubs VCD und der AKTIONfahrRAD teilgenommen und dabei rund 730.000 Kilometer auf dem&#8230; <a class=\"read-more\" href=\"https:\/\/vcd-augsburg.de\/?p=2599\">Mehr erfahren<\/a><\/p>\n","protected":false},"author":1,"featured_media":2600,"comment_status":"closed","ping_status":"closed","sticky":false,"template":"","format":"standard","meta":{"footnotes":""},"categories":[3,101,317,7,18],"tags":[294,591],"class_list":["post-2599","post","type-post","status-publish","format-standard","has-post-thumbnail","hentry","category-allgemein","category-fahrrad","category-klimaschutz","category-pressemitteilung","category-veranstaltung","tag-fahrrad-fuers-klima-auf-tour","tag-preisverleihung","no-comments"],"_links":{"self":[{"href":"https:\/\/vcd-augsburg.de\/index.php?rest_route=\/wp\/v2\/posts\/2599","targetHints":{"allow":["GET"]}}],"collection":[{"href":"https:\/\/vcd-augsburg.de\/index.php?rest_route=\/wp\/v2\/posts"}],"about":[{"href":"https:\/\/vcd-augsburg.de\/index.php?rest_route=\/wp\/v2\/types\/post"}],"author":[{"embeddable":true,"href":"https:\/\/vcd-augsburg.de\/index.php?rest_route=\/wp\/v2\/users\/1"}],"replies":[{"embeddable":true,"href":"https:\/\/vcd-augsburg.de\/index.php?rest_route=%2Fwp%2Fv2%2Fcomments&post=2599"}],"version-history":[{"count":1,"href":"https:\/\/vcd-augsburg.de\/index.php?rest_route=\/wp\/v2\/posts\/2599\/revisions"}],"predecessor-version":[{"id":2602,"href":"https:\/\/vcd-augsburg.de\/index.php?rest_route=\/wp\/v2\/posts\/2599\/revisions\/2602"}],"wp:featuredmedia":[{"embeddable":true,"href":"https:\/\/vcd-augsburg.de\/index.php?rest_route=\/wp\/v2\/media\/2600"}],"wp:attachment":[{"href":"https:\/\/vcd-augsburg.de\/index.php?rest_route=%2Fwp%2Fv2%2Fmedia&parent=2599"}],"wp:term":[{"taxonomy":"category","embeddable":true,"href":"https:\/\/vcd-augsburg.de\/index.php?rest_route=%2Fwp%2Fv2%2Fcategories&post=2599"},{"taxonomy":"post_tag","embeddable":true,"href":"https:\/\/vcd-augsburg.de\/index.php?rest_route=%2Fwp%2Fv2%2Ftags&post=2599"}],"curies":[{"name":"wp","href":"https:\/\/api.w.org\/{rel}","templated":true}]}}