{"id":2553,"date":"2025-07-07T17:36:26","date_gmt":"2025-07-07T15:36:26","guid":{"rendered":"https:\/\/vcd-augsburg.de\/?p=2553"},"modified":"2025-07-07T17:36:26","modified_gmt":"2025-07-07T15:36:26","slug":"vcd-kreisverband-augsburg-begruesst-fusion-von-avv-und-mvv-mobilitaetsgewinn-fuer-alle-altersgruppen","status":"publish","type":"post","link":"https:\/\/vcd-augsburg.de\/?p=2553","title":{"rendered":"VCD Kreisverband Augsburg begr\u00fc\u00dft Fusion von AVV und MVV \u2013 Mobilit\u00e4tsgewinn f\u00fcr alle Altersgruppen"},"content":{"rendered":"<p>Quelle: Pressemitteilung, Verkehrsclub Deutschland (VCD) Kreisverband Augsburg e.V., 7. Juli 2025<\/p>\n<p>Augsburg\/M\u00fcnchen:\u00a0Der Verkehrsclub Deutschland (VCD) Kreisverband Augsburg e.V. sieht in der geplanten Fusion des Augsburger Verkehrsverbunds (AVV) mit dem M\u00fcnchner Verkehrs- und Tarifverbund (MVV) einen bedeutenden Schritt zur St\u00e4rkung des \u00f6ffentlichen Verkehrs in der gesamten Region Schwaben und Oberbayern. Der Vorsitzende des VCD Augsburg, Christian Ohlenroth, erkl\u00e4rt: <em>\u201eDiese Fusion er\u00f6ffnet vor allem Jugendlichen und Familien ganz neue Chancen im \u00d6PNV.\u201c<\/em><\/p>\n<ul>\n<li><strong>U21-Angebote f\u00fcr Jugendliche<\/strong><br \/>\nJugendliche unter 21 Jahren profitieren k\u00fcnftig im gemeinsamen Verbundgebiet vom attraktiven U21-Angebot des MVV. Damit wird der Nahverkehr f\u00fcr junge Menschen auch ohne Abo deutlich g\u00fcnstiger und zug\u00e4nglicher \u2013 ein entscheidender Impuls f\u00fcr klimafreundliche Mobilit\u00e4t in einem pr\u00e4genden Lebensabschnitt.<\/li>\n<\/ul>\n<ul>\n<li><strong>MVV\u2011Kindertageskarte mit attraktivem Preis<\/strong><br \/>\nEin weiteres Plus f\u00fcr Familien: Im gesamten neuen Verbundgebiet gilt nun die MVV\u2011Kindertageskarte zum Preis von nur <strong>3,70<\/strong><strong>\u202f<\/strong><strong>\u20ac<\/strong> \u2013 g\u00fcltig bis 6:00\u202fUhr am Folgetag. Das Angebot macht Fahrten in der Region oder Ausfl\u00fcge f\u00fcr Eltern mit Deutschland-Ticket oder Verbund-Abo erschwinglich und unkompliziert. Auch alleine fahrende Kinder d\u00fcrfen dann endlich g\u00fcnstige und einfache Tageskarten nutzen. Der AVV sieht bisher f\u00fcr Kinder die Nutzung von Tageskarten nicht vor.<\/li>\n<li><strong>Kurzstrecke Bahn wie S\u2011Bahn nutzen<\/strong><br \/>\nEin gro\u00dfer Gewinn f\u00fcr Pendler und Gelegenheitsfahrten: Die <strong>MVV\u2011Kurzstrecke<\/strong> wird auf den Bahnlinien in der Region Augsburg eingef\u00fchrt. So wird Bahnfahren endlich so bequem wie mit der S\u2011Bahn \u2013 kurze Verbindungen werden attraktiv und preislich fair gestaltet.<\/li>\n<\/ul>\n<p>Christan Ohlenroth fasst zusammen: <em>\u201eDieser Zusammenschluss bedeutet einen echten Mobilit\u00e4tsgewinn \u2013 f\u00fcr Jugendliche, Familien und Pendler. Bus und Bahn werden sp\u00fcrbar nutzerfreundlicher und st\u00e4rken die Verkehrswende in unserer Region.\u201c<\/em> Christian Ohlenroth weiter: <em>\u201eDer VCD Augsburg appelliert an Politik und Verkehrsunternehmen, die Aufbruchsstimmung zu nutzen und zusammen mit dem MVV den Verbund weiterzuentwickeln und den Ausbau des Nahverkehrs zu forcieren.\u201c<\/em><\/p>\n<div class=\"shariff shariff-align-left shariff-widget-align-left\" data-services=\"facebook\" data-url=\"https:\/\/vcd-augsburg.de\/?p=2553\" data-timestamp=\"1751909786\" data-backendurl=\"?rest_route=\/shariff\/v1\/share_counts&\"><ul class=\"shariff-buttons theme-default orientation-horizontal buttonsize-medium\"><li class=\"shariff-button facebook shariff-nocustomcolor\" style=\"background-color:#4273c8\"><a href=\"https:\/\/www.facebook.com\/sharer\/sharer.php?u=https%3A%2F%2Fvcd-augsburg.de%2F%3Fp%3D2553\" title=\"Bei Facebook teilen\" aria-label=\"Bei Facebook teilen\" role=\"button\" rel=\"nofollow\" class=\"shariff-link\" style=\"; background-color:#3b5998; color:#fff\" target=\"_blank\"><span class=\"shariff-icon\" style=\"\"><svg width=\"32px\" height=\"20px\" xmlns=\"http:\/\/www.w3.org\/2000\/svg\" viewBox=\"0 0 18 32\"><path fill=\"#3b5998\" d=\"M17.1 0.2v4.7h-2.8q-1.5 0-2.1 0.6t-0.5 1.9v3.4h5.2l-0.7 5.3h-4.5v13.6h-5.5v-13.6h-4.5v-5.3h4.5v-3.9q0-3.3 1.9-5.2t5-1.8q2.6 0 4.1 0.2z\"\/><\/svg><\/span><span class=\"shariff-text\">teilen<\/span>&nbsp;<\/a><\/li><li class=\"shariff-button mailto shariff-nocustomcolor\" style=\"background-color:#a8a8a8\"><a href=\"mailto:?body=https%3A%2F%2Fvcd-augsburg.de%2F%3Fp%3D2553&subject=VCD%20Kreisverband%20Augsburg%20begr%C3%BC%C3%9Ft%20Fusion%20von%20AVV%20und%20MVV%20%E2%80%93%20Mobilit%C3%A4tsgewinn%20f%C3%BCr%20alle%20Altersgruppen\" title=\"Per E-Mail versenden\" aria-label=\"Per E-Mail versenden\" role=\"button\" rel=\"noopener nofollow\" class=\"shariff-link\" style=\"; background-color:#999; color:#fff\"><span class=\"shariff-icon\" style=\"\"><svg width=\"32px\" height=\"20px\" xmlns=\"http:\/\/www.w3.org\/2000\/svg\" viewBox=\"0 0 32 32\"><path fill=\"#999\" d=\"M32 12.7v14.2q0 1.2-0.8 2t-2 0.9h-26.3q-1.2 0-2-0.9t-0.8-2v-14.2q0.8 0.9 1.8 1.6 6.5 4.4 8.9 6.1 1 0.8 1.6 1.2t1.7 0.9 2 0.4h0.1q0.9 0 2-0.4t1.7-0.9 1.6-1.2q3-2.2 8.9-6.1 1-0.7 1.8-1.6zM32 7.4q0 1.4-0.9 2.7t-2.2 2.2q-6.7 4.7-8.4 5.8-0.2 0.1-0.7 0.5t-1 0.7-0.9 0.6-1.1 0.5-0.9 0.2h-0.1q-0.4 0-0.9-0.2t-1.1-0.5-0.9-0.6-1-0.7-0.7-0.5q-1.6-1.1-4.7-3.2t-3.6-2.6q-1.1-0.7-2.1-2t-1-2.5q0-1.4 0.7-2.3t2.1-0.9h26.3q1.2 0 2 0.8t0.9 2z\"\/><\/svg><\/span><span class=\"shariff-text\">E-Mail<\/span>&nbsp;<\/a><\/li><li class=\"shariff-button printer shariff-nocustomcolor\" style=\"background-color:#a8a8a8\"><a href=\"javascript:window.print()\" title=\"drucken\" aria-label=\"drucken\" role=\"button\" rel=\"noopener nofollow\" class=\"shariff-link\" style=\"; background-color:#999; color:#fff\"><span class=\"shariff-icon\" style=\"\"><svg width=\"32px\" height=\"20px\" xmlns=\"http:\/\/www.w3.org\/2000\/svg\" viewBox=\"0 0 30 32\"><path fill=\"#999\" d=\"M6.8 27.4h16v-4.6h-16v4.6zM6.8 16h16v-6.8h-2.8q-0.7 0-1.2-0.5t-0.5-1.2v-2.8h-11.4v11.4zM27.4 17.2q0-0.5-0.3-0.8t-0.8-0.4-0.8 0.4-0.3 0.8 0.3 0.8 0.8 0.3 0.8-0.3 0.3-0.8zM29.7 17.2v7.4q0 0.2-0.2 0.4t-0.4 0.2h-4v2.8q0 0.7-0.5 1.2t-1.2 0.5h-17.2q-0.7 0-1.2-0.5t-0.5-1.2v-2.8h-4q-0.2 0-0.4-0.2t-0.2-0.4v-7.4q0-1.4 1-2.4t2.4-1h1.2v-9.7q0-0.7 0.5-1.2t1.2-0.5h12q0.7 0 1.6 0.4t1.3 0.8l2.7 2.7q0.5 0.5 0.9 1.4t0.4 1.6v4.6h1.1q1.4 0 2.4 1t1 2.4z\"\/><\/svg><\/span><span class=\"shariff-text\">drucken<\/span>&nbsp;<\/a><\/li><li class=\"shariff-button rss shariff-nocustomcolor\" style=\"background-color:#ff8c00\"><a href=\"https:\/\/vcd-augsburg.de\/?feed=rss\" title=\"RSS-feed\" aria-label=\"RSS-feed\" role=\"button\" class=\"shariff-link\" style=\"; background-color:#fe9312; color:#fff\" target=\"_blank\"><span class=\"shariff-icon\" style=\"\"><svg width=\"32px\" height=\"20px\" xmlns=\"http:\/\/www.w3.org\/2000\/svg\" viewBox=\"0 0 32 32\"><path fill=\"#fe9312\" d=\"M4.3 23.5c-2.3 0-4.3 1.9-4.3 4.3 0 2.3 1.9 4.2 4.3 4.2 2.4 0 4.3-1.9 4.3-4.2 0-2.3-1.9-4.3-4.3-4.3zM0 10.9v6.1c4 0 7.7 1.6 10.6 4.4 2.8 2.8 4.4 6.6 4.4 10.6h6.2c0-11.7-9.5-21.1-21.1-21.1zM0 0v6.1c14.2 0 25.8 11.6 25.8 25.9h6.2c0-17.6-14.4-32-32-32z\"\/><\/svg><\/span><span class=\"shariff-text\">RSS-feed<\/span>&nbsp;<\/a><\/li><\/ul><\/div>","protected":false},"excerpt":{"rendered":"<p>Quelle: Pressemitteilung, Verkehrsclub Deutschland (VCD) Kreisverband Augsburg e.V., 7. Juli 2025 Augsburg\/M\u00fcnchen:\u00a0Der Verkehrsclub Deutschland (VCD) Kreisverband Augsburg e.V. sieht in der geplanten Fusion des Augsburger Verkehrsverbunds (AVV) mit dem M\u00fcnchner Verkehrs- und Tarifverbund (MVV) einen bedeutenden Schritt zur&#8230; <a class=\"read-more\" href=\"https:\/\/vcd-augsburg.de\/?p=2553\">Mehr erfahren<\/a><\/p>\n","protected":false},"author":1,"featured_media":619,"comment_status":"closed","ping_status":"closed","sticky":false,"template":"","format":"standard","meta":{"footnotes":""},"categories":[16,36,484,7,6],"tags":[118,196],"class_list":["post-2553","post","type-post","status-publish","format-standard","has-post-thumbnail","hentry","category-bahn","category-bus","category-oepnv","category-pressemitteilung","category-strassenbahn","tag-avv","tag-mvv","no-comments"],"_links":{"self":[{"href":"https:\/\/vcd-augsburg.de\/index.php?rest_route=\/wp\/v2\/posts\/2553","targetHints":{"allow":["GET"]}}],"collection":[{"href":"https:\/\/vcd-augsburg.de\/index.php?rest_route=\/wp\/v2\/posts"}],"about":[{"href":"https:\/\/vcd-augsburg.de\/index.php?rest_route=\/wp\/v2\/types\/post"}],"author":[{"embeddable":true,"href":"https:\/\/vcd-augsburg.de\/index.php?rest_route=\/wp\/v2\/users\/1"}],"replies":[{"embeddable":true,"href":"https:\/\/vcd-augsburg.de\/index.php?rest_route=%2Fwp%2Fv2%2Fcomments&post=2553"}],"version-history":[{"count":1,"href":"https:\/\/vcd-augsburg.de\/index.php?rest_route=\/wp\/v2\/posts\/2553\/revisions"}],"predecessor-version":[{"id":2554,"href":"https:\/\/vcd-augsburg.de\/index.php?rest_route=\/wp\/v2\/posts\/2553\/revisions\/2554"}],"wp:featuredmedia":[{"embeddable":true,"href":"https:\/\/vcd-augsburg.de\/index.php?rest_route=\/wp\/v2\/media\/619"}],"wp:attachment":[{"href":"https:\/\/vcd-augsburg.de\/index.php?rest_route=%2Fwp%2Fv2%2Fmedia&parent=2553"}],"wp:term":[{"taxonomy":"category","embeddable":true,"href":"https:\/\/vcd-augsburg.de\/index.php?rest_route=%2Fwp%2Fv2%2Fcategories&post=2553"},{"taxonomy":"post_tag","embeddable":true,"href":"https:\/\/vcd-augsburg.de\/index.php?rest_route=%2Fwp%2Fv2%2Ftags&post=2553"}],"curies":[{"name":"wp","href":"https:\/\/api.w.org\/{rel}","templated":true}]}}