{"id":1433,"date":"2019-04-27T13:16:59","date_gmt":"2019-04-27T11:16:59","guid":{"rendered":"https:\/\/vcd-augsburg.de\/?p=1433"},"modified":"2019-04-28T13:30:19","modified_gmt":"2019-04-28T11:30:19","slug":"reichen-drei-gleise-fuer-den-nahverkehr","status":"publish","type":"post","link":"https:\/\/vcd-augsburg.de\/?p=1433","title":{"rendered":"Reichen drei Gleise f\u00fcr den Nahverkehr?"},"content":{"rendered":"\n<p>Auf Einladung des VCD Kreisverband Augsburg im voll besetzten Hollsaal im Augsburger Zeughaus stellte Projektleiter Markus Baumann beim VCD-Treff das Bahnprojekt Ulm-Augsburg vor, siehe hierzu auch unsere Pressemitteilung: <a href=\"https:\/\/vcd-augsburg.de\/?p=1421\" target=\"_blank\" rel=\"noreferrer noopener\" aria-label=\"VCD Augsburg r\u00e4umt mit \u00c4ngsten der Politik auf (\u00f6ffnet in neuem Tab)\">VCD Augsburg r\u00e4umt mit \u00c4ngsten der Politik auf<\/a><\/p>\n\n\n\n<p>Quelle: Augsburger Allgemeine, Stefan Krog, 27.4.2019<\/p>\n\n\n\n<h4 class=\"wp-block-heading\">Die Deutsche Bahn stellt einen ersten Zeitplan f\u00fcr das \u201eJahrhundertprojekt\u201c Augsburg-Ulm vor. Vor Mitte der 2020er-Jahre wird kaum feststehen, ob ein Aus- oder ein Neubau kommen wird \u2013 oder ein Mix aus beidem<\/h4>\n\n\n\n<p>Sieben Wochen nach dem Planungsauftakt f\u00fcr das Bahnprojekt Augsburg\u2013Ulm hat die Deutsche Bahn Details zum Ablauf bekannt gegeben. Vor Mitte der 2020er-Jahre sei nicht damit zu rechnen, dass die DB dem Bundestag eine Variantenempfehlung vorlegt, sagt Projektleiter Markus Baumann. Dann werden die Weichen daf\u00fcr gestellt, ob es auf einen Streckenausbau oder auf einen Neubau \u2013 eventuell entlang der A 8 \u2013 hinausl\u00e4uft. <a href=\"https:\/\/www.augsburger-allgemeine.de\/augsburg\/Schneller-von-Augsburg-nach-Ulm-Reichen-drei-Gleise-id54154611.html\" target=\"_blank\" rel=\"noreferrer noopener\" aria-label=\"Weiterlesen in der Augsburger Allgemeine (\u00f6ffnet in neuem Tab)\">Weiterlesen in der Augsburger Allgemeine<\/a><\/p>\n<div class=\"shariff shariff-align-left shariff-widget-align-left\" data-services=\"facebook\" data-url=\"https:\/\/vcd-augsburg.de\/?p=1433\" data-timestamp=\"1556458219\" data-backendurl=\"?rest_route=\/shariff\/v1\/share_counts&\"><ul class=\"shariff-buttons theme-default orientation-horizontal buttonsize-medium\"><li class=\"shariff-button facebook shariff-nocustomcolor\" style=\"background-color:#4273c8\"><a href=\"https:\/\/www.facebook.com\/sharer\/sharer.php?u=https%3A%2F%2Fvcd-augsburg.de%2F%3Fp%3D1433\" title=\"Bei Facebook teilen\" aria-label=\"Bei Facebook teilen\" role=\"button\" rel=\"nofollow\" class=\"shariff-link\" style=\"; background-color:#3b5998; color:#fff\" target=\"_blank\"><span class=\"shariff-icon\" style=\"\"><svg width=\"32px\" height=\"20px\" xmlns=\"http:\/\/www.w3.org\/2000\/svg\" viewBox=\"0 0 18 32\"><path fill=\"#3b5998\" d=\"M17.1 0.2v4.7h-2.8q-1.5 0-2.1 0.6t-0.5 1.9v3.4h5.2l-0.7 5.3h-4.5v13.6h-5.5v-13.6h-4.5v-5.3h4.5v-3.9q0-3.3 1.9-5.2t5-1.8q2.6 0 4.1 0.2z\"\/><\/svg><\/span><span class=\"shariff-text\">teilen<\/span>&nbsp;<\/a><\/li><li class=\"shariff-button mailto shariff-nocustomcolor\" style=\"background-color:#a8a8a8\"><a href=\"mailto:?body=https%3A%2F%2Fvcd-augsburg.de%2F%3Fp%3D1433&subject=Reichen%20drei%20Gleise%20f%C3%BCr%20den%20Nahverkehr%3F\" title=\"Per E-Mail versenden\" aria-label=\"Per E-Mail versenden\" role=\"button\" rel=\"noopener nofollow\" class=\"shariff-link\" style=\"; background-color:#999; color:#fff\"><span class=\"shariff-icon\" style=\"\"><svg width=\"32px\" height=\"20px\" xmlns=\"http:\/\/www.w3.org\/2000\/svg\" viewBox=\"0 0 32 32\"><path fill=\"#999\" d=\"M32 12.7v14.2q0 1.2-0.8 2t-2 0.9h-26.3q-1.2 0-2-0.9t-0.8-2v-14.2q0.8 0.9 1.8 1.6 6.5 4.4 8.9 6.1 1 0.8 1.6 1.2t1.7 0.9 2 0.4h0.1q0.9 0 2-0.4t1.7-0.9 1.6-1.2q3-2.2 8.9-6.1 1-0.7 1.8-1.6zM32 7.4q0 1.4-0.9 2.7t-2.2 2.2q-6.7 4.7-8.4 5.8-0.2 0.1-0.7 0.5t-1 0.7-0.9 0.6-1.1 0.5-0.9 0.2h-0.1q-0.4 0-0.9-0.2t-1.1-0.5-0.9-0.6-1-0.7-0.7-0.5q-1.6-1.1-4.7-3.2t-3.6-2.6q-1.1-0.7-2.1-2t-1-2.5q0-1.4 0.7-2.3t2.1-0.9h26.3q1.2 0 2 0.8t0.9 2z\"\/><\/svg><\/span><span class=\"shariff-text\">E-Mail<\/span>&nbsp;<\/a><\/li><li class=\"shariff-button printer shariff-nocustomcolor\" style=\"background-color:#a8a8a8\"><a href=\"javascript:window.print()\" title=\"drucken\" aria-label=\"drucken\" role=\"button\" rel=\"noopener nofollow\" class=\"shariff-link\" style=\"; background-color:#999; color:#fff\"><span class=\"shariff-icon\" style=\"\"><svg width=\"32px\" height=\"20px\" xmlns=\"http:\/\/www.w3.org\/2000\/svg\" viewBox=\"0 0 30 32\"><path fill=\"#999\" d=\"M6.8 27.4h16v-4.6h-16v4.6zM6.8 16h16v-6.8h-2.8q-0.7 0-1.2-0.5t-0.5-1.2v-2.8h-11.4v11.4zM27.4 17.2q0-0.5-0.3-0.8t-0.8-0.4-0.8 0.4-0.3 0.8 0.3 0.8 0.8 0.3 0.8-0.3 0.3-0.8zM29.7 17.2v7.4q0 0.2-0.2 0.4t-0.4 0.2h-4v2.8q0 0.7-0.5 1.2t-1.2 0.5h-17.2q-0.7 0-1.2-0.5t-0.5-1.2v-2.8h-4q-0.2 0-0.4-0.2t-0.2-0.4v-7.4q0-1.4 1-2.4t2.4-1h1.2v-9.7q0-0.7 0.5-1.2t1.2-0.5h12q0.7 0 1.6 0.4t1.3 0.8l2.7 2.7q0.5 0.5 0.9 1.4t0.4 1.6v4.6h1.1q1.4 0 2.4 1t1 2.4z\"\/><\/svg><\/span><span class=\"shariff-text\">drucken<\/span>&nbsp;<\/a><\/li><li class=\"shariff-button rss shariff-nocustomcolor\" style=\"background-color:#ff8c00\"><a href=\"https:\/\/vcd-augsburg.de\/?feed=rss\" title=\"RSS-feed\" aria-label=\"RSS-feed\" role=\"button\" class=\"shariff-link\" style=\"; background-color:#fe9312; color:#fff\" target=\"_blank\"><span class=\"shariff-icon\" style=\"\"><svg width=\"32px\" height=\"20px\" xmlns=\"http:\/\/www.w3.org\/2000\/svg\" viewBox=\"0 0 32 32\"><path fill=\"#fe9312\" d=\"M4.3 23.5c-2.3 0-4.3 1.9-4.3 4.3 0 2.3 1.9 4.2 4.3 4.2 2.4 0 4.3-1.9 4.3-4.2 0-2.3-1.9-4.3-4.3-4.3zM0 10.9v6.1c4 0 7.7 1.6 10.6 4.4 2.8 2.8 4.4 6.6 4.4 10.6h6.2c0-11.7-9.5-21.1-21.1-21.1zM0 0v6.1c14.2 0 25.8 11.6 25.8 25.9h6.2c0-17.6-14.4-32-32-32z\"\/><\/svg><\/span><span class=\"shariff-text\">RSS-feed<\/span>&nbsp;<\/a><\/li><\/ul><\/div>","protected":false},"excerpt":{"rendered":"<p>Auf Einladung des VCD Kreisverband Augsburg im voll besetzten Hollsaal im Augsburger Zeughaus stellte Projektleiter Markus Baumann beim VCD-Treff das Bahnprojekt Ulm-Augsburg vor, siehe hierzu auch unsere Pressemitteilung: VCD Augsburg r\u00e4umt mit \u00c4ngsten der Politik auf Quelle: Augsburger&#8230; <a class=\"read-more\" href=\"https:\/\/vcd-augsburg.de\/?p=1433\">Mehr erfahren<\/a><\/p>\n","protected":false},"author":1,"featured_media":1434,"comment_status":"closed","ping_status":"closed","sticky":false,"template":"","format":"standard","meta":{"footnotes":""},"categories":[16,37,353],"tags":[413,364,355],"class_list":["post-1433","post","type-post","status-publish","format-standard","has-post-thumbnail","hentry","category-bahn","category-presse","category-trasse-ulm-augsburg","tag-bahnprojekt-ulm-augsburg","tag-markus-baumann","tag-neubaustrecke","no-comments"],"_links":{"self":[{"href":"https:\/\/vcd-augsburg.de\/index.php?rest_route=\/wp\/v2\/posts\/1433","targetHints":{"allow":["GET"]}}],"collection":[{"href":"https:\/\/vcd-augsburg.de\/index.php?rest_route=\/wp\/v2\/posts"}],"about":[{"href":"https:\/\/vcd-augsburg.de\/index.php?rest_route=\/wp\/v2\/types\/post"}],"author":[{"embeddable":true,"href":"https:\/\/vcd-augsburg.de\/index.php?rest_route=\/wp\/v2\/users\/1"}],"replies":[{"embeddable":true,"href":"https:\/\/vcd-augsburg.de\/index.php?rest_route=%2Fwp%2Fv2%2Fcomments&post=1433"}],"version-history":[{"count":3,"href":"https:\/\/vcd-augsburg.de\/index.php?rest_route=\/wp\/v2\/posts\/1433\/revisions"}],"predecessor-version":[{"id":1437,"href":"https:\/\/vcd-augsburg.de\/index.php?rest_route=\/wp\/v2\/posts\/1433\/revisions\/1437"}],"wp:featuredmedia":[{"embeddable":true,"href":"https:\/\/vcd-augsburg.de\/index.php?rest_route=\/wp\/v2\/media\/1434"}],"wp:attachment":[{"href":"https:\/\/vcd-augsburg.de\/index.php?rest_route=%2Fwp%2Fv2%2Fmedia&parent=1433"}],"wp:term":[{"taxonomy":"category","embeddable":true,"href":"https:\/\/vcd-augsburg.de\/index.php?rest_route=%2Fwp%2Fv2%2Fcategories&post=1433"},{"taxonomy":"post_tag","embeddable":true,"href":"https:\/\/vcd-augsburg.de\/index.php?rest_route=%2Fwp%2Fv2%2Ftags&post=1433"}],"curies":[{"name":"wp","href":"https:\/\/api.w.org\/{rel}","templated":true}]}}