{"id":127,"date":"2006-06-02T16:24:02","date_gmt":"2006-06-02T14:24:02","guid":{"rendered":"http:\/\/augsburg-vcd.de\/?p=127"},"modified":"2020-03-06T09:40:37","modified_gmt":"2020-03-06T08:40:37","slug":"planfeststellungsprozess-linie-6","status":"publish","type":"post","link":"https:\/\/vcd-augsburg.de\/?p=127","title":{"rendered":"Planfeststellungsprozess Linie 6"},"content":{"rendered":"<p>Am 2.6.2006 wurde eine Tektur der Planung der Linie 6 von den Stadtwerken in den Planfeststellungsprozess eingebracht. Hier die Eingabe des VCD Augsburg \u2013 wieder zusammen mit dem Forum Augsburg Lebenswert \u2013 zu dieser Tektur der Stadtwerkepl\u00e4ne.<\/p>\n<p>Augsburg, den 1. 8. 2006<\/p>\n<p>Sehr geehrte Damen und Herren,<\/p>\n<p>zur ver\u00e4nderten Planung der Linie 6 nach Hochzoll machen das Forum Augsburg lebenswert und der Verkehrsclub Deutschland, Kreisverband Augsburg, folgende Anmerkungen <!--moreWeiterlesen-->und stellen folgende Anfragen.<\/p>\n<p>a) Durch den Abschnitt 3.7 der Kurzfassung der Umweltprognose f\u00fchlen wir uns best\u00e4tigt. Hei\u00dft es doch dort in Bezug auf L\u00e4rm:<\/p>\n<p>\u201eIm Prognosefall 2020 (mit Stra\u00dfenbahnbau und mit AIC 25neu) werden die zul\u00e4ssigen Immissionsgrenzwerte (tags wie nachts) entlang der Stra\u00dfenz\u00fcge Zugspitzstra\u00dfe, Lechhauser Stra\u00dfe und der Bl\u00fccherstra\u00dfe s\u00fcdlich der Amagasaki-Allee punktuell \u00fcberschritten, so dass passiver L\u00e4rmschutz erforderlich ist.\u201c (S. 73 des Erl\u00e4uterungsberichtes)<\/p>\n<p>Es wird also in der Friedberger Stra\u00dfe im besten Fall eine f\u00fcr die Anwohner gerade merkbare Entlastung vom L\u00e4rm geben, wobei es auch hier einen Abschnitt gibt, bei dem passiver L\u00e4rmschutz erforderlich ist, wohingegen bedingt durch den Stra\u00dfenbahnbau in weiteren Stra\u00dfen eine Erh\u00f6hung der L\u00e4rmimmissionen entsteht. Ein weiteres Zitat schildert die Folgen aus den erh\u00f6hten L\u00e4rmimmissionen in den Stadtteilen Hochzoll Nord, Lechhausen und Friedberg-West:<\/p>\n<p>\u201eGesundes Wohn- und Arbeitsumfeld k\u00f6nnen durch passiven Schallschutz erhalten werden; die Aufenthaltsqualit\u00e4t im Stra\u00dfenraum wird sich aber durch die deutlich erh\u00f6hte L\u00e4rmbelastung verschlechtern.\u201c (Tabelle auf S. 75 des Erl\u00e4uterungsberichtes)<\/p>\n<p>Es sind also den Stra\u00dfenbahnbau verteuernde Ma\u00dfnahmen erforderlich, um ein gesundes Wohn \u2013 und Arbeitsumfeld gew\u00e4hrleisten zu k\u00f6nnen.<\/p>\n<p>Auch in Bezug auf die Lufthygiene f\u00fchlen wir uns best\u00e4tigt. Zwar sind f\u00fcr den Planfall an allen Stra\u00dfenquerschnitten, die von der Firma EM Plan betrachtet wurden, die Grenzwerte f\u00fcr Feinstaub (PM10) nach der 22. BImSchV eingehalten, aber auch hier zeigt sich eine Erh\u00f6hung der Belastung in der Zugspitzstra\u00dfe, Bl\u00fccherstra\u00dfe und Lechhauserstra\u00dfe in Friedberg, wenn man den Prognose-0-Fall mit dem Planfall vergleicht (siehe Anlage 4 des Gutachtens der Firma EM Plan). Die 11%-ige, bzw. 14%-ige Verringerung der Feinstaubbelastung f\u00fcr die beiden Stra\u00dfenquerschnitte der Friedberger Stra\u00dfe in Hochzoll (Vergleich Prognose-0-Fall mit Planfall) sind f\u00fcr den planerischen und finanziellen Aufwand, der getrieben wurde und noch getrieben wird, ern\u00fcchternd wenig. Deshalb wurde folgerichtig der etwas euphorische Satz auf S. 60 des Erl\u00e4uterungsberichtes, Abschnitt \u201eSchutzg\u00fcter Lufthygiene und Klima\u201c gestrichen:<\/p>\n<p>\u201eBei deutlichem R\u00fcckgang der IV-Zahlen wird sogar eine deutlichere Verbesserung gegen\u00fcber dem Bestand eintreten als in der Bewertung dargestellt.\u201c<\/p>\n<p>Insgesamt m\u00fcssen wir konstatieren, dass in Bezug auf die Umwelt bestenfalls ein finanziell teueres Nullsummenspiel vorliegt, da Belastungen nur r\u00e4umlich verlagert werden aber insgesamt nicht dauerhaft gesenkt, bzw. vermieden werden.<\/p>\n<p>b) Ergibt sich schon in Belangen der Umwelt kein Gewinn durch den Bau der Stra\u00dfenbahnlinie 6, so m\u00fcsste zumindest ein wirtschaftlicher Erfolg prognostiziert werden k\u00f6nnen. Dies scheint uns umso notwendiger, da die Stra\u00dfenbahnlinie 6 eine Komponente des Projektes Mobilit\u00e4tsdrehscheibe (Umbau Hbf, Linie 6\/5 Hochzoll\/Ackermannstra\u00dfe, Linie 1 bis Bf Hochzoll und Umbau K\u00f6nigsplatz) ist, das insgesamt eine Bewertungszahl nach der sog. standardisierten Bewertung von 1,4 \u20131,5 haben soll, wie immer wieder aus Kreisen der Politik und der Stadtwerke zu h\u00f6ren ist. Da der Umbau des Hauptbahnhofes zu dieser Bewertungszahl &gt; 1 keinen Beitrag erbringen soll, wie selbige Kreise erl\u00e4utern, w\u00e4re es sicher gut gewesen, f\u00fcr die Komponente \u201eLinie 6 nach Friedberg West\u201c eine solche Bewertungszahl anzugeben. Speziell f\u00fcr die Verl\u00e4ngerung der Stra\u00dfenbahn vom Diesel-Gymnasium zum Chippenhamring lassen die beiden Kosten-Nutzen-Analysen keinen R\u00fcckschlu\u00df auf die Wirtschaftlichkeit zu. Im Einzelnen unsere Fragen:<\/p>\n<p>Reichen 2000 \u00d6V-Fahrten, wie sie im Nahverkehrsplan der Stadt Augsburg auf der Relation Friedberg \u2013 Hochzoll Peterhofstra\u00dfe angeben sind (Anlage 9.3 des Nahverkehrsplanes: \u00d6PNV-Nachfrage am Tag Ausf\u00fchrungsnetz 2006-2011 (gerundet)) aus, um die Verl\u00e4ngerung der Stra\u00dfenbahn zu rechtfertigen?<br \/>\nWie viel tr\u00e4gt der an der Endhaltestelle geplante Park &amp; Ride \u2013 Platz zur Erh\u00f6hung der Fahrgastzahlen der Stra\u00dfenbahn bei?<br \/>\nIn welcher Art und Weise tr\u00e4gt die Stadt Friedberg, die ja \u201edie Verl\u00e4ngerung der Linie 6 bis Friedberg West bef\u00fcrwortet und unterst\u00fctzt\u201c (Erl\u00e4uterungsbericht S. 18\/19) zum Bau und zum Betrieb dieser Stra\u00dfenbahnlinie bei?<br \/>\nWie wird die Finanzierung der Restlinie 36 in Friedberg geregelt?<br \/>\nHaben sich seit der Umplanung von der Endhaltestelle \u201eRudolf-Diesel-Gymnasium\u201c auf die Endhaltestelle \u201eChippenhamring\u201c die Verh\u00e4ltnisse so ge\u00e4ndert, dass folgender Satz aus dem Erl\u00e4uterungsbericht auf S. 18 \u201eMit dieser L\u00f6sung (Endhaltestelle Rudolf-Diesel-Gymnasium) wurde auch eine Verl\u00e4ngerung nach Friedberg untersucht. Das Ingenieurb\u00fcro Spiekermann kam dabei zu dem Ergebnis, dass die Fahrgastzahlen ab der geplanten Endstation in H\u00f6he des Rudolf-Diesel-Gymnasiums in Richtung Friedberg so stark abnehmen, dass eine Verl\u00e4ngerung nach Friedberg West zur Zeit nicht weiterverfolgt werden soll.\u201c zu Recht gestrichen wurde?Franz Gabc) Die Linie 36 f\u00e4hrt gegen\u00fcber der vorigen Planung nicht mehr aus dem Stadtteil Herrenbach direkt \u00fcber die Prinzstra\u00dfe\/Milchberg zum K\u00f6nigsplatz, sondern wendet in der N\u00e4he der Haltestelle \u201eTextilmuseum\u201c der Linie 6, um auf einem Bogen \u00fcber Reichenberger Stra\u00dfe, Herrenbachstra\u00dfe und Friedberger Stra\u00dfe \u00fcber den Milchberg in die Innenstadt zu gelangen. Der Stadtteil Herrenbach hat also gegen\u00fcber dem heutigen Zustand und auch der vorigen Planung eine eher indirekte Verbindung zur Innenstadt, da auch die Haltestellen der Linie 6 f\u00fcr viele Bewohner ung\u00fcnstig liegen. Wir wollen in diesem Zusammenhang die Frage stellen, ob ein L\u00fcckenschlu\u00df f\u00fcr die Linie 36 von der Abzweigung Prinzstra\u00dfe bis zur Haltestelle Textilmuseum untersucht worden ist und wenn ja, welches Ergebnis eine solche Untersuchung erbracht hat?<\/p>\n<p>Mit freundlichen Gr\u00fc\u00dfen<\/p>\n<p>Franz Gabler<br \/>\nVorsitzender<\/p>\n<div class=\"shariff shariff-align-left shariff-widget-align-left\" data-services=\"facebook\" data-url=\"https:\/\/vcd-augsburg.de\/?p=127\" data-timestamp=\"1583487637\" data-backendurl=\"?rest_route=\/shariff\/v1\/share_counts&\"><ul class=\"shariff-buttons theme-default orientation-horizontal buttonsize-medium\"><li class=\"shariff-button facebook shariff-nocustomcolor\" style=\"background-color:#4273c8\"><a href=\"https:\/\/www.facebook.com\/sharer\/sharer.php?u=https%3A%2F%2Fvcd-augsburg.de%2F%3Fp%3D127\" title=\"Bei Facebook teilen\" aria-label=\"Bei Facebook teilen\" role=\"button\" rel=\"nofollow\" class=\"shariff-link\" style=\"; background-color:#3b5998; color:#fff\" target=\"_blank\"><span class=\"shariff-icon\" style=\"\"><svg width=\"32px\" height=\"20px\" xmlns=\"http:\/\/www.w3.org\/2000\/svg\" viewBox=\"0 0 18 32\"><path fill=\"#3b5998\" d=\"M17.1 0.2v4.7h-2.8q-1.5 0-2.1 0.6t-0.5 1.9v3.4h5.2l-0.7 5.3h-4.5v13.6h-5.5v-13.6h-4.5v-5.3h4.5v-3.9q0-3.3 1.9-5.2t5-1.8q2.6 0 4.1 0.2z\"\/><\/svg><\/span><span class=\"shariff-text\">teilen<\/span>&nbsp;<\/a><\/li><li class=\"shariff-button mailto shariff-nocustomcolor\" style=\"background-color:#a8a8a8\"><a href=\"mailto:?body=https%3A%2F%2Fvcd-augsburg.de%2F%3Fp%3D127&subject=Planfeststellungsprozess%20Linie%206\" title=\"Per E-Mail versenden\" aria-label=\"Per E-Mail versenden\" role=\"button\" rel=\"noopener nofollow\" class=\"shariff-link\" style=\"; background-color:#999; color:#fff\"><span class=\"shariff-icon\" style=\"\"><svg width=\"32px\" height=\"20px\" xmlns=\"http:\/\/www.w3.org\/2000\/svg\" viewBox=\"0 0 32 32\"><path fill=\"#999\" d=\"M32 12.7v14.2q0 1.2-0.8 2t-2 0.9h-26.3q-1.2 0-2-0.9t-0.8-2v-14.2q0.8 0.9 1.8 1.6 6.5 4.4 8.9 6.1 1 0.8 1.6 1.2t1.7 0.9 2 0.4h0.1q0.9 0 2-0.4t1.7-0.9 1.6-1.2q3-2.2 8.9-6.1 1-0.7 1.8-1.6zM32 7.4q0 1.4-0.9 2.7t-2.2 2.2q-6.7 4.7-8.4 5.8-0.2 0.1-0.7 0.5t-1 0.7-0.9 0.6-1.1 0.5-0.9 0.2h-0.1q-0.4 0-0.9-0.2t-1.1-0.5-0.9-0.6-1-0.7-0.7-0.5q-1.6-1.1-4.7-3.2t-3.6-2.6q-1.1-0.7-2.1-2t-1-2.5q0-1.4 0.7-2.3t2.1-0.9h26.3q1.2 0 2 0.8t0.9 2z\"\/><\/svg><\/span><span class=\"shariff-text\">E-Mail<\/span>&nbsp;<\/a><\/li><li class=\"shariff-button printer shariff-nocustomcolor\" style=\"background-color:#a8a8a8\"><a href=\"javascript:window.print()\" title=\"drucken\" aria-label=\"drucken\" role=\"button\" rel=\"noopener nofollow\" class=\"shariff-link\" style=\"; background-color:#999; color:#fff\"><span class=\"shariff-icon\" style=\"\"><svg width=\"32px\" height=\"20px\" xmlns=\"http:\/\/www.w3.org\/2000\/svg\" viewBox=\"0 0 30 32\"><path fill=\"#999\" d=\"M6.8 27.4h16v-4.6h-16v4.6zM6.8 16h16v-6.8h-2.8q-0.7 0-1.2-0.5t-0.5-1.2v-2.8h-11.4v11.4zM27.4 17.2q0-0.5-0.3-0.8t-0.8-0.4-0.8 0.4-0.3 0.8 0.3 0.8 0.8 0.3 0.8-0.3 0.3-0.8zM29.7 17.2v7.4q0 0.2-0.2 0.4t-0.4 0.2h-4v2.8q0 0.7-0.5 1.2t-1.2 0.5h-17.2q-0.7 0-1.2-0.5t-0.5-1.2v-2.8h-4q-0.2 0-0.4-0.2t-0.2-0.4v-7.4q0-1.4 1-2.4t2.4-1h1.2v-9.7q0-0.7 0.5-1.2t1.2-0.5h12q0.7 0 1.6 0.4t1.3 0.8l2.7 2.7q0.5 0.5 0.9 1.4t0.4 1.6v4.6h1.1q1.4 0 2.4 1t1 2.4z\"\/><\/svg><\/span><span class=\"shariff-text\">drucken<\/span>&nbsp;<\/a><\/li><li class=\"shariff-button rss shariff-nocustomcolor\" style=\"background-color:#ff8c00\"><a href=\"https:\/\/vcd-augsburg.de\/?feed=rss\" title=\"RSS-feed\" aria-label=\"RSS-feed\" role=\"button\" class=\"shariff-link\" style=\"; background-color:#fe9312; color:#fff\" target=\"_blank\"><span class=\"shariff-icon\" style=\"\"><svg width=\"32px\" height=\"20px\" xmlns=\"http:\/\/www.w3.org\/2000\/svg\" viewBox=\"0 0 32 32\"><path fill=\"#fe9312\" d=\"M4.3 23.5c-2.3 0-4.3 1.9-4.3 4.3 0 2.3 1.9 4.2 4.3 4.2 2.4 0 4.3-1.9 4.3-4.2 0-2.3-1.9-4.3-4.3-4.3zM0 10.9v6.1c4 0 7.7 1.6 10.6 4.4 2.8 2.8 4.4 6.6 4.4 10.6h6.2c0-11.7-9.5-21.1-21.1-21.1zM0 0v6.1c14.2 0 25.8 11.6 25.8 25.9h6.2c0-17.6-14.4-32-32-32z\"\/><\/svg><\/span><span class=\"shariff-text\">RSS-feed<\/span>&nbsp;<\/a><\/li><\/ul><\/div>","protected":false},"excerpt":{"rendered":"<p>Am 2.6.2006 wurde eine Tektur der Planung der Linie 6 von den Stadtwerken in den Planfeststellungsprozess eingebracht. Hier die Eingabe des VCD Augsburg \u2013 wieder zusammen mit dem Forum Augsburg Lebenswert \u2013 zu dieser Tektur der Stadtwerkepl\u00e4ne. Augsburg,&#8230; <a class=\"read-more\" href=\"https:\/\/vcd-augsburg.de\/?p=127\">Mehr erfahren<\/a><\/p>\n","protected":false},"author":1,"featured_media":0,"comment_status":"closed","ping_status":"closed","sticky":false,"template":"","format":"standard","meta":{"footnotes":""},"categories":[449,25,6],"tags":[27,10,24,22],"class_list":["post-127","post","type-post","status-publish","format-standard","hentry","category-linie-6","category-planfeststellungsverfahren","category-strassenbahn","tag-27","tag-franz-gabler","tag-linie-6","tag-mobilitaetsdrehscheibe-augsburg","no-comments"],"_links":{"self":[{"href":"https:\/\/vcd-augsburg.de\/index.php?rest_route=\/wp\/v2\/posts\/127","targetHints":{"allow":["GET"]}}],"collection":[{"href":"https:\/\/vcd-augsburg.de\/index.php?rest_route=\/wp\/v2\/posts"}],"about":[{"href":"https:\/\/vcd-augsburg.de\/index.php?rest_route=\/wp\/v2\/types\/post"}],"author":[{"embeddable":true,"href":"https:\/\/vcd-augsburg.de\/index.php?rest_route=\/wp\/v2\/users\/1"}],"replies":[{"embeddable":true,"href":"https:\/\/vcd-augsburg.de\/index.php?rest_route=%2Fwp%2Fv2%2Fcomments&post=127"}],"version-history":[{"count":4,"href":"https:\/\/vcd-augsburg.de\/index.php?rest_route=\/wp\/v2\/posts\/127\/revisions"}],"predecessor-version":[{"id":421,"href":"https:\/\/vcd-augsburg.de\/index.php?rest_route=\/wp\/v2\/posts\/127\/revisions\/421"}],"wp:attachment":[{"href":"https:\/\/vcd-augsburg.de\/index.php?rest_route=%2Fwp%2Fv2%2Fmedia&parent=127"}],"wp:term":[{"taxonomy":"category","embeddable":true,"href":"https:\/\/vcd-augsburg.de\/index.php?rest_route=%2Fwp%2Fv2%2Fcategories&post=127"},{"taxonomy":"post_tag","embeddable":true,"href":"https:\/\/vcd-augsburg.de\/index.php?rest_route=%2Fwp%2Fv2%2Ftags&post=127"}],"curies":[{"name":"wp","href":"https:\/\/api.w.org\/{rel}","templated":true}]}}