{"id":1039,"date":"2018-11-06T17:13:34","date_gmt":"2018-11-06T16:13:34","guid":{"rendered":"https:\/\/vcd-augsburg.de\/?p=1039"},"modified":"2018-11-06T17:14:44","modified_gmt":"2018-11-06T16:14:44","slug":"1039","status":"publish","type":"post","link":"https:\/\/vcd-augsburg.de\/?p=1039","title":{"rendered":"Jugendliche legen 1,6 Millionen Kilometer f\u00fcr Gesundheit und Klima auf dem Fahrrad zur\u00fcck"},"content":{"rendered":"<p><strong>Pressemitteilung<\/strong><\/p>\n<h4>Sch\u00fcler\/-innen aus K\u00f6nigsbrunn gewinnen bei VCD Jugendkampagne FahrRad!: Neuer Rekord im zw\u00f6lften Kampagnenjahr<\/h4>\n<p><strong>Jugendliche legen 1,6 Millionen Kilometer f\u00fcr Gesundheit und Klima auf dem Fahrrad zur\u00fcck<\/strong><\/p>\n<p><strong>Augsburg, 6. November 2018<\/strong>. Sich fit halten und dabei etwas f\u00fcr das Klima tun, dieser Devise folgten insgesamt 113 Sch\u00fcler\/-innen des Gymnasiums in K\u00f6nigsbrunn. Sie alle schwangen sich von M\u00e4rz bis Au-gust 2018 auf ihrem Weg zur Schule und in der Freizeit auf das Rad und verzichteten auf Mitfahrten im Auto. Aufgerufen zu dieser Aktion hatte der VCD, mit dem Ziel, Heranwachsende f\u00fcr das klimavertr\u00e4gliche Radfahren zu sensibilisieren. Das Engagement der Sch\u00fcler\/-innen hat sich gelohnt. Von den 309 Gruppen aus ganz Deutschland geh\u00f6ren die ehemaligen Klassen 7d und 5c zu den diesj\u00e4hrigen Preistr\u00e4gern der Jugendkampagne FahrRad!<!--more--><\/p>\n<p>Die vier teilnehmenden K\u00f6nigsbrunner Schulklassen radelten insgesamt 40.388 Kilometer, das entspricht einer CO2-Einsparung von 5.654 Kilogramm. Die Klasse 7d gewann sogar den Hauptpreis der diesj\u00e4hrigen Aktion \u2013 500 Euro f\u00fcr die Klassenkasse. Die Sch\u00fclerinnen und Sch\u00fcler des Gymnasiums zeichneten sich durch ihre besondere Ausdauer im Fahrrad-Wettbewerb und ihr umfangreiches Wissen \u00fcber den Klimaschutz aus.<br \/>\nZum zw\u00f6lften Mal in Folge endet damit die Fahrradjugendkampagne \u00bbFahrRad! F\u00fcrs Klima auf Tour\u00ab erfolg-reich. Insgesamt mehr als 8.700 Jugendliche waren dieses Jahr mit dem Rad unterwegs. \u201eDie 10 bis 18-j\u00e4hrigen erradelten 1,6 Millionen Kilometer, was umgerechnet einer knapp 40-fachen Umrundung der Erde entspricht. Damit ersparten die Jugendlichen dem Klima 221 Tonnen CO2, die sonst durch eine Fahrt im sogenannten Elterntaxi entstanden w\u00e4ren\u201c, erkl\u00e4rt Christian Ohlenroth vom VCD-Kreisverband Augsburg.<\/p>\n<p>Engagierte Lehrkr\u00e4fte begleiten die Jugendlichen bei dem Projekt. Sandra Lickfett, Lehrer am Gymnasium K\u00f6nigsbrunn: \u201eMit der Teilnahme an \u00bbFahrRad!\u201c wollte ich meine Sch\u00fcler dazu motivieren, ihre Mobilit\u00e4t selbst in die Hand zu nehmen und ihnen aufzeigen, wie sie das Fahrrad problemlos in den Alltag integrieren k\u00f6nnen. Das Ergebnis sind aktive Jugendliche und ein langfristiger Imagegewinn f\u00fcr das umweltvertr\u00e4gli-che Fahrrad. Dazu geh\u00f6rt auch die Erkenntnis, dass man mit dem Rad einen Beitrag f\u00fcr den Klimaschutz leistet.\u201c<\/p>\n<p>Seit 2006 hat der VCD mit der Kampagne FahrRad! bereits knapp 61.000 Jugendliche auf das Rad gebracht. Anika Meenken, Projektleiterin von FahrRad! beim VCD: \u201eNach wie vor ist es wichtig, dass Jugendliche schon fr\u00fch die vielf\u00e4ltigen Vorteile des Fahrrads kennlernen, damit sie auch im Erwachsenenalter m\u00f6glichst oft dieses klimaschonende Verkehrsmittel dem Auto vorzuziehen wissen.\u201c<\/p>\n<p>Die Preisverleihung findet am Dienstag, 13. November 2018 im Gymnasium K\u00f6nigsbrunn statt.<\/p>\n<p><em>Die \u201eFahrRad!\u201c-Kampagne des VCD wird neben der Firma SIGMA SPORT von vielen weiteren Unternehmen aus der Fahrradbranche unterst\u00fctzt. Ein starker Partner ist auch die AKTIONfahrRAD. Seit Start des Projekts im Jahr 2006 hat der VCD insgesamt 61.000 Jugendliche aufs Rad gebracht. Weitere Informationen zum Projekt: www.klima-tour.de<\/em><\/p>\n<p>Hier finden Sie unsere <a href=\"https:\/\/vcd-augsburg.de\/wp-content\/uploads\/2018\/11\/Pressemitteilung_Jugendkampagne_FahrRad_15-11-2018.pdf\" target=\"_blank\" rel=\"noopener\"><strong>Pressemitteilung im PDF-Format<\/strong><\/a><\/p>\n<p>&nbsp;<\/p>\n<p>&nbsp;<\/p>\n<div class=\"shariff shariff-align-left shariff-widget-align-left\" data-services=\"facebook\" data-url=\"https:\/\/vcd-augsburg.de\/?p=1039\" data-timestamp=\"1541524484\" data-backendurl=\"?rest_route=\/shariff\/v1\/share_counts&\"><ul class=\"shariff-buttons theme-default orientation-horizontal buttonsize-medium\"><li class=\"shariff-button facebook shariff-nocustomcolor\" style=\"background-color:#4273c8\"><a href=\"https:\/\/www.facebook.com\/sharer\/sharer.php?u=https%3A%2F%2Fvcd-augsburg.de%2F%3Fp%3D1039\" title=\"Bei Facebook teilen\" aria-label=\"Bei Facebook teilen\" role=\"button\" rel=\"nofollow\" class=\"shariff-link\" style=\"; background-color:#3b5998; color:#fff\" target=\"_blank\"><span class=\"shariff-icon\" style=\"\"><svg width=\"32px\" height=\"20px\" xmlns=\"http:\/\/www.w3.org\/2000\/svg\" viewBox=\"0 0 18 32\"><path fill=\"#3b5998\" d=\"M17.1 0.2v4.7h-2.8q-1.5 0-2.1 0.6t-0.5 1.9v3.4h5.2l-0.7 5.3h-4.5v13.6h-5.5v-13.6h-4.5v-5.3h4.5v-3.9q0-3.3 1.9-5.2t5-1.8q2.6 0 4.1 0.2z\"\/><\/svg><\/span><span class=\"shariff-text\">teilen<\/span>&nbsp;<\/a><\/li><li class=\"shariff-button mailto shariff-nocustomcolor\" style=\"background-color:#a8a8a8\"><a href=\"mailto:?body=https%3A%2F%2Fvcd-augsburg.de%2F%3Fp%3D1039&subject=Jugendliche%20legen%201%2C6%20Millionen%20Kilometer%20f%C3%BCr%20Gesundheit%20und%20Klima%20auf%20dem%20Fahrrad%20zur%C3%BCck\" title=\"Per E-Mail versenden\" aria-label=\"Per E-Mail versenden\" role=\"button\" rel=\"noopener nofollow\" class=\"shariff-link\" style=\"; background-color:#999; color:#fff\"><span class=\"shariff-icon\" style=\"\"><svg width=\"32px\" height=\"20px\" xmlns=\"http:\/\/www.w3.org\/2000\/svg\" viewBox=\"0 0 32 32\"><path fill=\"#999\" d=\"M32 12.7v14.2q0 1.2-0.8 2t-2 0.9h-26.3q-1.2 0-2-0.9t-0.8-2v-14.2q0.8 0.9 1.8 1.6 6.5 4.4 8.9 6.1 1 0.8 1.6 1.2t1.7 0.9 2 0.4h0.1q0.9 0 2-0.4t1.7-0.9 1.6-1.2q3-2.2 8.9-6.1 1-0.7 1.8-1.6zM32 7.4q0 1.4-0.9 2.7t-2.2 2.2q-6.7 4.7-8.4 5.8-0.2 0.1-0.7 0.5t-1 0.7-0.9 0.6-1.1 0.5-0.9 0.2h-0.1q-0.4 0-0.9-0.2t-1.1-0.5-0.9-0.6-1-0.7-0.7-0.5q-1.6-1.1-4.7-3.2t-3.6-2.6q-1.1-0.7-2.1-2t-1-2.5q0-1.4 0.7-2.3t2.1-0.9h26.3q1.2 0 2 0.8t0.9 2z\"\/><\/svg><\/span><span class=\"shariff-text\">E-Mail<\/span>&nbsp;<\/a><\/li><li class=\"shariff-button printer shariff-nocustomcolor\" style=\"background-color:#a8a8a8\"><a href=\"javascript:window.print()\" title=\"drucken\" aria-label=\"drucken\" role=\"button\" rel=\"noopener nofollow\" class=\"shariff-link\" style=\"; background-color:#999; color:#fff\"><span class=\"shariff-icon\" style=\"\"><svg width=\"32px\" height=\"20px\" xmlns=\"http:\/\/www.w3.org\/2000\/svg\" viewBox=\"0 0 30 32\"><path fill=\"#999\" d=\"M6.8 27.4h16v-4.6h-16v4.6zM6.8 16h16v-6.8h-2.8q-0.7 0-1.2-0.5t-0.5-1.2v-2.8h-11.4v11.4zM27.4 17.2q0-0.5-0.3-0.8t-0.8-0.4-0.8 0.4-0.3 0.8 0.3 0.8 0.8 0.3 0.8-0.3 0.3-0.8zM29.7 17.2v7.4q0 0.2-0.2 0.4t-0.4 0.2h-4v2.8q0 0.7-0.5 1.2t-1.2 0.5h-17.2q-0.7 0-1.2-0.5t-0.5-1.2v-2.8h-4q-0.2 0-0.4-0.2t-0.2-0.4v-7.4q0-1.4 1-2.4t2.4-1h1.2v-9.7q0-0.7 0.5-1.2t1.2-0.5h12q0.7 0 1.6 0.4t1.3 0.8l2.7 2.7q0.5 0.5 0.9 1.4t0.4 1.6v4.6h1.1q1.4 0 2.4 1t1 2.4z\"\/><\/svg><\/span><span class=\"shariff-text\">drucken<\/span>&nbsp;<\/a><\/li><li class=\"shariff-button rss shariff-nocustomcolor\" style=\"background-color:#ff8c00\"><a href=\"https:\/\/vcd-augsburg.de\/?feed=rss\" title=\"RSS-feed\" aria-label=\"RSS-feed\" role=\"button\" class=\"shariff-link\" style=\"; background-color:#fe9312; color:#fff\" target=\"_blank\"><span class=\"shariff-icon\" style=\"\"><svg width=\"32px\" height=\"20px\" xmlns=\"http:\/\/www.w3.org\/2000\/svg\" viewBox=\"0 0 32 32\"><path fill=\"#fe9312\" d=\"M4.3 23.5c-2.3 0-4.3 1.9-4.3 4.3 0 2.3 1.9 4.2 4.3 4.2 2.4 0 4.3-1.9 4.3-4.2 0-2.3-1.9-4.3-4.3-4.3zM0 10.9v6.1c4 0 7.7 1.6 10.6 4.4 2.8 2.8 4.4 6.6 4.4 10.6h6.2c0-11.7-9.5-21.1-21.1-21.1zM0 0v6.1c14.2 0 25.8 11.6 25.8 25.9h6.2c0-17.6-14.4-32-32-32z\"\/><\/svg><\/span><span class=\"shariff-text\">RSS-feed<\/span>&nbsp;<\/a><\/li><\/ul><\/div>","protected":false},"excerpt":{"rendered":"<p>Pressemitteilung Sch\u00fcler\/-innen aus K\u00f6nigsbrunn gewinnen bei VCD Jugendkampagne FahrRad!: Neuer Rekord im zw\u00f6lften Kampagnenjahr Jugendliche legen 1,6 Millionen Kilometer f\u00fcr Gesundheit und Klima auf dem Fahrrad zur\u00fcck Augsburg, 6. November 2018. Sich fit halten und dabei etwas f\u00fcr&#8230; <a class=\"read-more\" href=\"https:\/\/vcd-augsburg.de\/?p=1039\">Mehr erfahren<\/a><\/p>\n","protected":false},"author":1,"featured_media":1040,"comment_status":"closed","ping_status":"closed","sticky":false,"template":"","format":"standard","meta":{"footnotes":""},"categories":[101,7,235],"tags":[90,311,228,294,309,257,310,312],"class_list":["post-1039","post","type-post","status-publish","format-standard","has-post-thumbnail","hentry","category-fahrrad","category-pressemitteilung","category-verkehr","tag-christian-ohlenroth","tag-co2-einsparung","tag-elterntaxi","tag-fahrrad-fuers-klima-auf-tour","tag-gymnasium-koenigsbrunn","tag-klimaschutz","tag-preistraeger","tag-sandra-lickfett","no-comments"],"_links":{"self":[{"href":"https:\/\/vcd-augsburg.de\/index.php?rest_route=\/wp\/v2\/posts\/1039","targetHints":{"allow":["GET"]}}],"collection":[{"href":"https:\/\/vcd-augsburg.de\/index.php?rest_route=\/wp\/v2\/posts"}],"about":[{"href":"https:\/\/vcd-augsburg.de\/index.php?rest_route=\/wp\/v2\/types\/post"}],"author":[{"embeddable":true,"href":"https:\/\/vcd-augsburg.de\/index.php?rest_route=\/wp\/v2\/users\/1"}],"replies":[{"embeddable":true,"href":"https:\/\/vcd-augsburg.de\/index.php?rest_route=%2Fwp%2Fv2%2Fcomments&post=1039"}],"version-history":[{"count":3,"href":"https:\/\/vcd-augsburg.de\/index.php?rest_route=\/wp\/v2\/posts\/1039\/revisions"}],"predecessor-version":[{"id":1044,"href":"https:\/\/vcd-augsburg.de\/index.php?rest_route=\/wp\/v2\/posts\/1039\/revisions\/1044"}],"wp:featuredmedia":[{"embeddable":true,"href":"https:\/\/vcd-augsburg.de\/index.php?rest_route=\/wp\/v2\/media\/1040"}],"wp:attachment":[{"href":"https:\/\/vcd-augsburg.de\/index.php?rest_route=%2Fwp%2Fv2%2Fmedia&parent=1039"}],"wp:term":[{"taxonomy":"category","embeddable":true,"href":"https:\/\/vcd-augsburg.de\/index.php?rest_route=%2Fwp%2Fv2%2Fcategories&post=1039"},{"taxonomy":"post_tag","embeddable":true,"href":"https:\/\/vcd-augsburg.de\/index.php?rest_route=%2Fwp%2Fv2%2Ftags&post=1039"}],"curies":[{"name":"wp","href":"https:\/\/api.w.org\/{rel}","templated":true}]}}